{"id":92817,"date":"2023-04-03T01:00:50","date_gmt":"2023-04-02T23:00:50","guid":{"rendered":"https:\/\/matyodesign.hu\/?p=92817"},"modified":"2025-03-21T14:55:57","modified_gmt":"2025-03-21T13:55:57","slug":"farmer","status":"publish","type":"post","link":"https:\/\/matyodesign.hu\/en\/2023\/04\/03\/farmer\/","title":{"rendered":"Meg\u00e9rkezett az els\u0151 matyodesign farmer!"},"content":{"rendered":"<section class=\"wpb-content-wrapper\"><div class=\"vc_row wpb_row vc_row-fluid\" ><div class=\"wpb_column vc_column_container vc_col-sm-6\"><div class=\"vc_column-inner\"><div class=\"wpb_wrapper\">\n\t<div  class=\"wpb_single_image wpb_content_element vc_align_left\">\n\t\t\n\t\t<figure class=\"wpb_wrapper vc_figure\">\n\t\t\t<div class=\"vc_single_image-wrapper   vc_box_border_grey\"><img decoding=\"async\" class=\"vc_img-placeholder vc_single_image-img\" src=\"https:\/\/matyodesign.hu\/wp-content\/plugins\/js_composer\/assets\/vc\/no_image.png\" \/><\/div>\n\t\t<\/figure>\n\t<\/div>\n<\/div><\/div><\/div><div class=\"wpb_column vc_column_container vc_col-sm-6\"><div class=\"vc_column-inner\"><div class=\"wpb_wrapper\">\n\t<div class=\"wpb_text_column wpb_content_element\" >\n\t\t<div class=\"wpb_wrapper\">\n\t\t\t<div>Amib\u0151l m\u00e1r a tavalyi \u00e9vben kaptunk \u00edzel\u00edt\u0151t a luxusm\u00e1rk\u00e1k kifut\u00f3ir\u00f3l az id\u00e9nre val\u00f3s\u00e1gg\u00e1 is v\u00e1lt: a farmer id\u00e9n h\u00f3d\u00edtani fog az utc\u00e1kon. A b\u0151 \u00e9s egyenes szab\u00e1s els\u00f6pri a sz\u0171k, feszesebb fazonokat, de ett\u0151l ne ijedj\u00fcnk meg. A megfelel\u0151 kieg\u00e9sz\u00edt\u0151kkel \u00e9s n\u0151ies darabokkal az \u201cA\u201d vonal\u00fa \u00e9s egyenes sz\u00e1r\u00fa fazonok \u00e9ppen olyan\u00a0<a href=\"https:\/\/femina.hu\/szepseg\/farmer-viselese-telen-2022\/\" target=\"_blank\" rel=\"noopener\" data-saferedirecturl=\"https:\/\/www.google.com\/url?q=https:\/\/femina.hu\/szepseg\/farmer-viselese-telen-2022\/&amp;source=gmail&amp;ust=1679658860696000&amp;usg=AOvVaw20nMKXS4gobpG3R7OCCUHa\">remek\u00fcl kombin\u00e1lhat\u00f3k<\/a>, mint a skinny nadr\u00e1gok. Nem kell lemondanunk a sikkes eleganci\u00e1r\u00f3l, csup\u00e1n n\u00e9h\u00e1ny divatszab\u00e1lyt kell betartanunk \u00e9s az eredm\u00e9ny leny\u0171g\u00f6z\u0151en st\u00edlusos lesz.<\/div>\n<div><\/div>\n<div>Aranyszab\u00e1ly, hogy b\u0151vebb szab\u00e1s eset\u00e9n hangs\u00falyozd ki a der\u00e9kvonalat. Ehhez elegend\u0151 lehet, ha a fels\u0151t bet\u0171r\u00f6d a farmer nadr\u00e1gba, esetleg egy l\u00e1tv\u00e1nyosabb \u00f6vvel dobod fel a h\u00e9tk\u00f6znapi szettedet, ez\u00e1ltal kiss\u00e9 karcs\u00fas\u00edtod a sziluettet.<\/div>\n<div><\/div>\n<div>\u00d3ri\u00e1si trend a k\u00fcl\u00f6nb\u00f6z\u0151 st\u00edlusok kombin\u00e1l\u00e1sa. A laza, b\u0151vebb szab\u00e1s \u00e9s finom fels\u0151r\u00e9szek, ingek, bl\u00e9zerek kombin\u00e1l\u00e1sa, melyb\u0151l kifejezetten \u00e9rdekes megold\u00e1sok kerekednek. L\u00e1that\u00f3, hogy a n\u0151iess\u00e9g nem megy a komfort rov\u00e1s\u00e1ra.<\/div>\n\n\t\t<\/div>\n\t<\/div>\n<\/div><\/div><\/div><\/div><div class=\"vc_row wpb_row vc_row-fluid\" ><div class=\"wpb_column vc_column_container vc_col-sm-6\"><div class=\"vc_column-inner\"><div class=\"wpb_wrapper\">\n\t<div class=\"wpb_text_column wpb_content_element\" >\n\t\t<div class=\"wpb_wrapper\">\n\t\t\t<div>Id\u00e9n kifejezetten men\u0151 lesz a sz\u00ednes denim, ez\u00e9rt a b\u0151vebb szab\u00e1s \u00e9s a barack sz\u00edn kombin\u00e1l\u00e1s\u00e1b\u00f3l megsz\u00fcletett a matyodesign els\u0151 farmernadr\u00e1gja, a Hamvas barack.<\/div>\n<div><strong>Mi\u00e9rt barack?<\/strong> Mert a tavasz egyik b\u00e1zissz\u00edne, j\u00f3kedvet, vid\u00e1ms\u00e1got t\u00e1rs\u00edtunk hozz\u00e1, ez\u00e1ltal serkent\u0151 hat\u00e1ssal b\u00edr. A n\u0151i \u00e9leter\u0151, az \u00faj \u00e9letet vil\u00e1gra hoz\u00f3 er\u0151 sz\u00edne \u00e9s jelk\u00e9pe.<\/div>\n<div>Az \u0151szibarack a pasztellsz\u00ednek kifinomult \u00e9s gazdag csal\u00e1dj\u00e1ba tartozik, amelyben \u00e9pp \u00fagy megtal\u00e1ljuk a narancs dinamik\u00e1j\u00e1t, a s\u00e1rga tudatoss\u00e1g\u00e1t illetve a r\u00f3zsasz\u00edn finoms\u00e1g\u00e1t.<\/div>\n<div><\/div>\n<div>Kit\u0171n\u0151en kombin\u00e1lhat\u00f3 a sziv\u00e1rv\u00e1ny tiszta sz\u00edneivel vagy ak\u00e1r a m\u00e1lna gall\u00e9ros p\u00f3l\u00f3nkkal, amelynek sz\u00edn\u00e9vel nagyszer\u0171en kommunik\u00e1l a h\u00edmz\u00e9sben visszak\u00f6sz\u00f6n\u0151 \u00e1rnyalat. Feh\u00e9rrel pedig kifejezetten romantikus hat\u00e1st kelt.<\/div>\n<div>\n<p data-start=\"1145\" data-end=\"1351\"><strong data-start=\"1148\" data-end=\"1188\">Follow us for more inspiration:<\/strong><\/p>\n<ul>\n<li data-start=\"1145\" data-end=\"1351\"><a href=\"https:\/\/www.facebook.com\/matyodesign\" target=\"_new\" rel=\"noopener\" data-start=\"1194\" data-end=\"1242\">Facebook<\/a><\/li>\n<li data-start=\"1145\" data-end=\"1351\"><a href=\"https:\/\/www.instagram.com\/matyodesign\" target=\"_new\" rel=\"noopener\" data-start=\"1248\" data-end=\"1298\">and on Instagram<\/a><\/li>\n<li data-start=\"1145\" data-end=\"1351\"><a target=\"_new\" rel=\"noopener\" data-start=\"1304\" data-end=\"1349\">TikTok<\/a><\/li>\n<\/ul>\n<\/div>\n\n\t\t<\/div>\n\t<\/div>\n<\/div><\/div><\/div><div class=\"wpb_column vc_column_container vc_col-sm-6\"><div class=\"vc_column-inner\"><div class=\"wpb_wrapper\">\n\t<div  class=\"wpb_single_image wpb_content_element vc_align_left\">\n\t\t\n\t\t<figure class=\"wpb_wrapper vc_figure\">\n\t\t\t<div class=\"vc_single_image-wrapper   vc_box_border_grey\"><img decoding=\"async\" class=\"vc_img-placeholder vc_single_image-img\" src=\"https:\/\/matyodesign.hu\/wp-content\/plugins\/js_composer\/assets\/vc\/no_image.png\" \/><\/div>\n\t\t<\/figure>\n\t<\/div>\n<\/div><\/div><\/div><\/div><div class=\"vc_row wpb_row vc_row-fluid\" ><div class=\"wpb_column vc_column_container vc_col-sm-6\"><div class=\"vc_column-inner\"><div class=\"wpb_wrapper\">\n\t<div  class=\"wpb_single_image wpb_content_element vc_align_left\">\n\t\t\n\t\t<figure class=\"wpb_wrapper vc_figure\">\n\t\t\t<div class=\"vc_single_image-wrapper   vc_box_border_grey\"><img decoding=\"async\" class=\"vc_img-placeholder vc_single_image-img\" src=\"https:\/\/matyodesign.hu\/wp-content\/plugins\/js_composer\/assets\/vc\/no_image.png\" \/><\/div>\n\t\t<\/figure>\n\t<\/div>\n<\/div><\/div><\/div><div class=\"wpb_column vc_column_container vc_col-sm-6\"><div class=\"vc_column-inner\"><div class=\"wpb_wrapper\">\n\t<div  class=\"wpb_single_image wpb_content_element vc_align_left\">\n\t\t\n\t\t<figure class=\"wpb_wrapper vc_figure\">\n\t\t\t<div class=\"vc_single_image-wrapper   vc_box_border_grey\"><img decoding=\"async\" class=\"vc_img-placeholder vc_single_image-img\" src=\"https:\/\/matyodesign.hu\/wp-content\/plugins\/js_composer\/assets\/vc\/no_image.png\" \/><\/div>\n\t\t<\/figure>\n\t<\/div>\n<\/div><\/div><\/div><\/div>\n<\/section>","protected":false},"excerpt":{"rendered":"<p>Many years ago, I worked for my parents who own a video production company. Because it is a family business, you inevitably end up wearing many hats and being the czar of many different jobs. I mainly managed projects and worked as a video editor. On production, there were times that I was called on to work as an audio tech and was made to wear headphones on long production days. In those days, having a really good set of headphones that picked up every nuance of sound was essential to making sure the client got what they needed.<\/p>","protected":false},"author":1,"featured_media":92818,"comment_status":"closed","ping_status":"closed","sticky":false,"template":"","format":"standard","meta":{"footnotes":""},"categories":[375],"tags":[],"class_list":["post-92817","post","type-post","status-publish","format-standard","has-post-thumbnail","hentry","category-tard"],"yoast_head":"<!-- This site is optimized with the Yoast SEO plugin v27.5 - https:\/\/yoast.com\/product\/yoast-seo-wordpress\/ -->\n<title>Meg\u00e9rkezett az els\u0151 matyodesign farmer! - matyodesign<\/title>\n<meta name=\"description\" content=\"Amib\u0151l m\u00e1r a tavalyi \u00e9vben kaptunk \u00edzel\u00edt\u0151t a luxusm\u00e1rk\u00e1k kifut\u00f3ir\u00f3l az id\u00e9nre val\u00f3s\u00e1gg\u00e1 is v\u00e1lt: a farmer id\u00e9n h\u00f3d\u00edtani fog az utc\u00e1kon.\" \/>\n<meta name=\"robots\" content=\"index, follow, max-snippet:-1, max-image-preview:large, max-video-preview:-1\" \/>\n<link rel=\"canonical\" href=\"https:\/\/matyodesign.hu\/en\/2023\/04\/03\/farmer\/\" \/>\n<meta property=\"og:locale\" content=\"en_GB\" \/>\n<meta property=\"og:type\" content=\"article\" \/>\n<meta property=\"og:title\" content=\"Meg\u00e9rkezett az els\u0151 matyodesign farmer! - matyodesign\" \/>\n<meta property=\"og:description\" content=\"Amib\u0151l m\u00e1r a tavalyi \u00e9vben kaptunk \u00edzel\u00edt\u0151t a luxusm\u00e1rk\u00e1k kifut\u00f3ir\u00f3l az id\u00e9nre val\u00f3s\u00e1gg\u00e1 is v\u00e1lt: a farmer id\u00e9n h\u00f3d\u00edtani fog az utc\u00e1kon.\" \/>\n<meta property=\"og:url\" content=\"https:\/\/matyodesign.hu\/en\/2023\/04\/03\/farmer\/\" \/>\n<meta property=\"og:site_name\" content=\"matyodesign\" \/>\n<meta property=\"article:published_time\" content=\"2023-04-02T23:00:50+00:00\" \/>\n<meta property=\"article:modified_time\" content=\"2025-03-21T13:55:57+00:00\" \/>\n<meta property=\"og:image\" content=\"https:\/\/matyodesign.hu\/wp-content\/uploads\/2023\/03\/farmernadrag_01.png\" \/>\n\t<meta property=\"og:image:width\" content=\"1000\" \/>\n\t<meta property=\"og:image:height\" content=\"1000\" \/>\n\t<meta property=\"og:image:type\" content=\"image\/png\" \/>\n<meta name=\"author\" content=\"brezy\" \/>\n<meta name=\"twitter:card\" content=\"summary_large_image\" \/>\n<meta name=\"twitter:label1\" content=\"Written by\" \/>\n\t<meta name=\"twitter:data1\" content=\"brezy\" \/>\n\t<meta name=\"twitter:label2\" content=\"Estimated reading time\" \/>\n\t<meta name=\"twitter:data2\" content=\"3 minutes\" \/>\n<script type=\"application\/ld+json\" class=\"yoast-schema-graph\">{\"@context\":\"https:\\\/\\\/schema.org\",\"@graph\":[{\"@type\":\"Article\",\"@id\":\"https:\\\/\\\/matyodesign.hu\\\/2023\\\/04\\\/03\\\/farmer\\\/#article\",\"isPartOf\":{\"@id\":\"https:\\\/\\\/matyodesign.hu\\\/2023\\\/04\\\/03\\\/farmer\\\/\"},\"author\":{\"name\":\"brezy\",\"@id\":\"https:\\\/\\\/matyodesign.hu\\\/#\\\/schema\\\/person\\\/514188d48a741d8d2fcd9e81ddbc2957\"},\"headline\":\"Meg\u00e9rkezett az els\u0151 matyodesign farmer!\",\"datePublished\":\"2023-04-02T23:00:50+00:00\",\"dateModified\":\"2025-03-21T13:55:57+00:00\",\"mainEntityOfPage\":{\"@id\":\"https:\\\/\\\/matyodesign.hu\\\/2023\\\/04\\\/03\\\/farmer\\\/\"},\"wordCount\":651,\"image\":{\"@id\":\"https:\\\/\\\/matyodesign.hu\\\/2023\\\/04\\\/03\\\/farmer\\\/#primaryimage\"},\"thumbnailUrl\":\"https:\\\/\\\/matyodesign.hu\\\/wp-content\\\/uploads\\\/2023\\\/03\\\/farmernadrag_01.png\",\"articleSection\":[\"Tard\"],\"inLanguage\":\"en-GB\"},{\"@type\":\"WebPage\",\"@id\":\"https:\\\/\\\/matyodesign.hu\\\/2023\\\/04\\\/03\\\/farmer\\\/\",\"url\":\"https:\\\/\\\/matyodesign.hu\\\/2023\\\/04\\\/03\\\/farmer\\\/\",\"name\":\"Meg\u00e9rkezett az els\u0151 matyodesign farmer! - matyodesign\",\"isPartOf\":{\"@id\":\"https:\\\/\\\/matyodesign.hu\\\/#website\"},\"primaryImageOfPage\":{\"@id\":\"https:\\\/\\\/matyodesign.hu\\\/2023\\\/04\\\/03\\\/farmer\\\/#primaryimage\"},\"image\":{\"@id\":\"https:\\\/\\\/matyodesign.hu\\\/2023\\\/04\\\/03\\\/farmer\\\/#primaryimage\"},\"thumbnailUrl\":\"https:\\\/\\\/matyodesign.hu\\\/wp-content\\\/uploads\\\/2023\\\/03\\\/farmernadrag_01.png\",\"datePublished\":\"2023-04-02T23:00:50+00:00\",\"dateModified\":\"2025-03-21T13:55:57+00:00\",\"author\":{\"@id\":\"https:\\\/\\\/matyodesign.hu\\\/#\\\/schema\\\/person\\\/514188d48a741d8d2fcd9e81ddbc2957\"},\"description\":\"Amib\u0151l m\u00e1r a tavalyi \u00e9vben kaptunk \u00edzel\u00edt\u0151t a luxusm\u00e1rk\u00e1k kifut\u00f3ir\u00f3l az id\u00e9nre val\u00f3s\u00e1gg\u00e1 is v\u00e1lt: a farmer id\u00e9n h\u00f3d\u00edtani fog az utc\u00e1kon.\",\"breadcrumb\":{\"@id\":\"https:\\\/\\\/matyodesign.hu\\\/2023\\\/04\\\/03\\\/farmer\\\/#breadcrumb\"},\"inLanguage\":\"en-GB\",\"potentialAction\":[{\"@type\":\"ReadAction\",\"target\":[\"https:\\\/\\\/matyodesign.hu\\\/2023\\\/04\\\/03\\\/farmer\\\/\"]}]},{\"@type\":\"ImageObject\",\"inLanguage\":\"en-GB\",\"@id\":\"https:\\\/\\\/matyodesign.hu\\\/2023\\\/04\\\/03\\\/farmer\\\/#primaryimage\",\"url\":\"https:\\\/\\\/matyodesign.hu\\\/wp-content\\\/uploads\\\/2023\\\/03\\\/farmernadrag_01.png\",\"contentUrl\":\"https:\\\/\\\/matyodesign.hu\\\/wp-content\\\/uploads\\\/2023\\\/03\\\/farmernadrag_01.png\",\"width\":1000,\"height\":1000},{\"@type\":\"BreadcrumbList\",\"@id\":\"https:\\\/\\\/matyodesign.hu\\\/2023\\\/04\\\/03\\\/farmer\\\/#breadcrumb\",\"itemListElement\":[{\"@type\":\"ListItem\",\"position\":1,\"name\":\"Kezd\u0151lap\",\"item\":\"https:\\\/\\\/matyodesign.hu\\\/\"},{\"@type\":\"ListItem\",\"position\":2,\"name\":\"Meg\u00e9rkezett az els\u0151 matyodesign farmer!\"}]},{\"@type\":\"WebSite\",\"@id\":\"https:\\\/\\\/matyodesign.hu\\\/#website\",\"url\":\"https:\\\/\\\/matyodesign.hu\\\/\",\"name\":\"matyodesign\",\"description\":\"K\u00e9zzel. Szeretettel. Neked.\",\"potentialAction\":[{\"@type\":\"SearchAction\",\"target\":{\"@type\":\"EntryPoint\",\"urlTemplate\":\"https:\\\/\\\/matyodesign.hu\\\/?s={search_term_string}\"},\"query-input\":{\"@type\":\"PropertyValueSpecification\",\"valueRequired\":true,\"valueName\":\"search_term_string\"}}],\"inLanguage\":\"en-GB\"},{\"@type\":\"Person\",\"@id\":\"https:\\\/\\\/matyodesign.hu\\\/#\\\/schema\\\/person\\\/514188d48a741d8d2fcd9e81ddbc2957\",\"name\":\"brezy\",\"image\":{\"@type\":\"ImageObject\",\"inLanguage\":\"en-GB\",\"@id\":\"https:\\\/\\\/secure.gravatar.com\\\/avatar\\\/d48d97538cc3da395377b7b4646871cf6f3be1017b48cd27ec9ccc9d928f600c?s=96&d=mm&r=g\",\"url\":\"https:\\\/\\\/secure.gravatar.com\\\/avatar\\\/d48d97538cc3da395377b7b4646871cf6f3be1017b48cd27ec9ccc9d928f600c?s=96&d=mm&r=g\",\"contentUrl\":\"https:\\\/\\\/secure.gravatar.com\\\/avatar\\\/d48d97538cc3da395377b7b4646871cf6f3be1017b48cd27ec9ccc9d928f600c?s=96&d=mm&r=g\",\"caption\":\"brezy\"},\"sameAs\":[\"https:\\\/\\\/2024.matyodesign.hu\"],\"url\":\"https:\\\/\\\/matyodesign.hu\\\/en\\\/author\\\/brezy\\\/\"}]}<\/script>\n<!-- \/ Yoast SEO plugin. -->","yoast_head_json":{"title":"Meg\u00e9rkezett az els\u0151 matyodesign farmer! - matyodesign","description":"Amib\u0151l m\u00e1r a tavalyi \u00e9vben kaptunk \u00edzel\u00edt\u0151t a luxusm\u00e1rk\u00e1k kifut\u00f3ir\u00f3l az id\u00e9nre val\u00f3s\u00e1gg\u00e1 is v\u00e1lt: a farmer id\u00e9n h\u00f3d\u00edtani fog az utc\u00e1kon.","robots":{"index":"index","follow":"follow","max-snippet":"max-snippet:-1","max-image-preview":"max-image-preview:large","max-video-preview":"max-video-preview:-1"},"canonical":"https:\/\/matyodesign.hu\/en\/2023\/04\/03\/farmer\/","og_locale":"en_GB","og_type":"article","og_title":"Meg\u00e9rkezett az els\u0151 matyodesign farmer! - matyodesign","og_description":"Amib\u0151l m\u00e1r a tavalyi \u00e9vben kaptunk \u00edzel\u00edt\u0151t a luxusm\u00e1rk\u00e1k kifut\u00f3ir\u00f3l az id\u00e9nre val\u00f3s\u00e1gg\u00e1 is v\u00e1lt: a farmer id\u00e9n h\u00f3d\u00edtani fog az utc\u00e1kon.","og_url":"https:\/\/matyodesign.hu\/en\/2023\/04\/03\/farmer\/","og_site_name":"matyodesign","article_published_time":"2023-04-02T23:00:50+00:00","article_modified_time":"2025-03-21T13:55:57+00:00","og_image":[{"width":1000,"height":1000,"url":"https:\/\/matyodesign.hu\/wp-content\/uploads\/2023\/03\/farmernadrag_01.png","type":"image\/png"}],"author":"brezy","twitter_card":"summary_large_image","twitter_misc":{"Written by":"brezy","Estimated reading time":"3 minutes"},"schema":{"@context":"https:\/\/schema.org","@graph":[{"@type":"Article","@id":"https:\/\/matyodesign.hu\/2023\/04\/03\/farmer\/#article","isPartOf":{"@id":"https:\/\/matyodesign.hu\/2023\/04\/03\/farmer\/"},"author":{"name":"brezy","@id":"https:\/\/matyodesign.hu\/#\/schema\/person\/514188d48a741d8d2fcd9e81ddbc2957"},"headline":"Meg\u00e9rkezett az els\u0151 matyodesign farmer!","datePublished":"2023-04-02T23:00:50+00:00","dateModified":"2025-03-21T13:55:57+00:00","mainEntityOfPage":{"@id":"https:\/\/matyodesign.hu\/2023\/04\/03\/farmer\/"},"wordCount":651,"image":{"@id":"https:\/\/matyodesign.hu\/2023\/04\/03\/farmer\/#primaryimage"},"thumbnailUrl":"https:\/\/matyodesign.hu\/wp-content\/uploads\/2023\/03\/farmernadrag_01.png","articleSection":["Tard"],"inLanguage":"en-GB"},{"@type":"WebPage","@id":"https:\/\/matyodesign.hu\/2023\/04\/03\/farmer\/","url":"https:\/\/matyodesign.hu\/2023\/04\/03\/farmer\/","name":"Meg\u00e9rkezett az els\u0151 matyodesign farmer! - matyodesign","isPartOf":{"@id":"https:\/\/matyodesign.hu\/#website"},"primaryImageOfPage":{"@id":"https:\/\/matyodesign.hu\/2023\/04\/03\/farmer\/#primaryimage"},"image":{"@id":"https:\/\/matyodesign.hu\/2023\/04\/03\/farmer\/#primaryimage"},"thumbnailUrl":"https:\/\/matyodesign.hu\/wp-content\/uploads\/2023\/03\/farmernadrag_01.png","datePublished":"2023-04-02T23:00:50+00:00","dateModified":"2025-03-21T13:55:57+00:00","author":{"@id":"https:\/\/matyodesign.hu\/#\/schema\/person\/514188d48a741d8d2fcd9e81ddbc2957"},"description":"Amib\u0151l m\u00e1r a tavalyi \u00e9vben kaptunk \u00edzel\u00edt\u0151t a luxusm\u00e1rk\u00e1k kifut\u00f3ir\u00f3l az id\u00e9nre val\u00f3s\u00e1gg\u00e1 is v\u00e1lt: a farmer id\u00e9n h\u00f3d\u00edtani fog az utc\u00e1kon.","breadcrumb":{"@id":"https:\/\/matyodesign.hu\/2023\/04\/03\/farmer\/#breadcrumb"},"inLanguage":"en-GB","potentialAction":[{"@type":"ReadAction","target":["https:\/\/matyodesign.hu\/2023\/04\/03\/farmer\/"]}]},{"@type":"ImageObject","inLanguage":"en-GB","@id":"https:\/\/matyodesign.hu\/2023\/04\/03\/farmer\/#primaryimage","url":"https:\/\/matyodesign.hu\/wp-content\/uploads\/2023\/03\/farmernadrag_01.png","contentUrl":"https:\/\/matyodesign.hu\/wp-content\/uploads\/2023\/03\/farmernadrag_01.png","width":1000,"height":1000},{"@type":"BreadcrumbList","@id":"https:\/\/matyodesign.hu\/2023\/04\/03\/farmer\/#breadcrumb","itemListElement":[{"@type":"ListItem","position":1,"name":"Kezd\u0151lap","item":"https:\/\/matyodesign.hu\/"},{"@type":"ListItem","position":2,"name":"Meg\u00e9rkezett az els\u0151 matyodesign farmer!"}]},{"@type":"WebSite","@id":"https:\/\/matyodesign.hu\/#website","url":"https:\/\/matyodesign.hu\/","name":"matyodesign","description":"K\u00e9zzel. Szeretettel. Neked.","potentialAction":[{"@type":"SearchAction","target":{"@type":"EntryPoint","urlTemplate":"https:\/\/matyodesign.hu\/?s={search_term_string}"},"query-input":{"@type":"PropertyValueSpecification","valueRequired":true,"valueName":"search_term_string"}}],"inLanguage":"en-GB"},{"@type":"Person","@id":"https:\/\/matyodesign.hu\/#\/schema\/person\/514188d48a741d8d2fcd9e81ddbc2957","name":"brezy","image":{"@type":"ImageObject","inLanguage":"en-GB","@id":"https:\/\/secure.gravatar.com\/avatar\/d48d97538cc3da395377b7b4646871cf6f3be1017b48cd27ec9ccc9d928f600c?s=96&d=mm&r=g","url":"https:\/\/secure.gravatar.com\/avatar\/d48d97538cc3da395377b7b4646871cf6f3be1017b48cd27ec9ccc9d928f600c?s=96&d=mm&r=g","contentUrl":"https:\/\/secure.gravatar.com\/avatar\/d48d97538cc3da395377b7b4646871cf6f3be1017b48cd27ec9ccc9d928f600c?s=96&d=mm&r=g","caption":"brezy"},"sameAs":["https:\/\/2024.matyodesign.hu"],"url":"https:\/\/matyodesign.hu\/en\/author\/brezy\/"}]}},"_links":{"self":[{"href":"https:\/\/matyodesign.hu\/en\/wp-json\/wp\/v2\/posts\/92817","targetHints":{"allow":["GET"]}}],"collection":[{"href":"https:\/\/matyodesign.hu\/en\/wp-json\/wp\/v2\/posts"}],"about":[{"href":"https:\/\/matyodesign.hu\/en\/wp-json\/wp\/v2\/types\/post"}],"author":[{"embeddable":true,"href":"https:\/\/matyodesign.hu\/en\/wp-json\/wp\/v2\/users\/1"}],"replies":[{"embeddable":true,"href":"https:\/\/matyodesign.hu\/en\/wp-json\/wp\/v2\/comments?post=92817"}],"version-history":[{"count":2,"href":"https:\/\/matyodesign.hu\/en\/wp-json\/wp\/v2\/posts\/92817\/revisions"}],"predecessor-version":[{"id":102380,"href":"https:\/\/matyodesign.hu\/en\/wp-json\/wp\/v2\/posts\/92817\/revisions\/102380"}],"wp:featuredmedia":[{"embeddable":true,"href":"https:\/\/matyodesign.hu\/en\/wp-json\/wp\/v2\/media\/92818"}],"wp:attachment":[{"href":"https:\/\/matyodesign.hu\/en\/wp-json\/wp\/v2\/media?parent=92817"}],"wp:term":[{"taxonomy":"category","embeddable":true,"href":"https:\/\/matyodesign.hu\/en\/wp-json\/wp\/v2\/categories?post=92817"},{"taxonomy":"post_tag","embeddable":true,"href":"https:\/\/matyodesign.hu\/en\/wp-json\/wp\/v2\/tags?post=92817"}],"curies":[{"name":"wp","href":"https:\/\/api.w.org\/{rel}","templated":true}]}}